{"id":6137,"date":"2025-12-02T12:57:02","date_gmt":"2025-12-02T11:57:02","guid":{"rendered":"https:\/\/chs-containergroup.com\/de\/?p=6137"},"modified":"2026-01-07T13:04:04","modified_gmt":"2026-01-07T12:04:04","slug":"werkstattcontainer-kaufen-mieten-preise","status":"publish","type":"post","link":"https:\/\/chs-containergroup.com\/de\/werkstattcontainer-kaufen-mieten-preise\/","title":{"rendered":"Werkstattcontainer: 5 Gr\u00fcnde f\u00fcr maximale Effizienz im mobilen Einsatz"},"content":{"rendered":"\n<ul class=\"wp-block-list\">\n<li><a href=\"#h2-was-ist-ein-werkstattcontainer\">Was ist ein Werkstattcontainer?<\/a><\/li>\n\n\n\n<li><a href=\"#h3-vorteile\" data-type=\"internal\" data-id=\"#h3-praxisbeispiel\">Vorteile von Werkstattcontainern<\/a><\/li>\n\n\n\n<li><a href=\"#h4-Einsatzbereiche\">Typische Einsatzbereiche<\/a><\/li>\n\n\n\n<li><a href=\"#h5-ausstattung\">Ausstattung und Optionen <\/a><\/li>\n\n\n\n<li><a href=\"#h5-faq\" data-type=\"internal\" data-id=\"#h5-faq\">FAQ<\/a><\/li>\n<\/ul>\n\n\n\n<hr class=\"wp-block-separator has-alpha-channel-opacity\" \/>\n\n\n\n<h2 class=\"wp-block-heading\" id=\"h2-was-ist-ein-werkstattcontainer\"><strong>Was ist ein Werkstattcontainer?<\/strong><\/h2>\n\n\n\n<p>Ein <a href=\"https:\/\/chs-containergroup.com\/de\/container\/spezialcontainer\/individualisierte-containerloesungen\/werkstattcontainer\/\" data-type=\"chs_container\" data-id=\"70\">Werkstattcontainer<\/a> ist ein modifizierter <a href=\"https:\/\/chs-containergroup.com\/de\/shop\/standard-containers\/\" data-type=\"product_cat\" data-id=\"116\">See<\/a>&#8211; oder <a href=\"https:\/\/chs-containergroup.com\/de\/container\/spezialcontainer\/\" data-type=\"chs_containertypes\" data-id=\"10\">Spezialcontainer<\/a>, der mit Werkzeugmodulen, Maschinen, Arbeitsfl\u00e4chen, Strom- und Lichtsystemen sowie Sicherheitsausstattung ausgestattet wird. Er dient als vollwertiger Werkstattraum, der mobil, transportf\u00e4hig und modular einsetzbar ist.<br>Typische Einsatzbereiche umfassen Industrieanlagen, Baustellen, Service-Teams, THW\/Feuerwehr, Landwirtschaft und weitere mobile Anwendungen.<\/p>\n\n\n\n<p><\/p>\n\n\n\n<p>Durch seine robuste Stahlkonstruktion h\u00e4lt ein Werkstattcontainer selbst hohen Belastungen stand und bietet eine stabile Umgebung f\u00fcr anspruchsvolle Arbeitsprozesse. Die Ausstattung l\u00e4sst sich flexibel anpassen \u2013 von einfachen Werkb\u00e4nken bis hin zu komplexen technischen Installationen wie Druckluftsystemen, Schwei\u00dfarbeitspl\u00e4tzen oder integrierten Energieverteilungen. Damit eignet sich der Container sowohl f\u00fcr mechanische Reparaturen als auch f\u00fcr elektrotechnische Arbeiten oder die Wartung schwerer Maschinen.<\/p>\n\n\n\n<p>Ein weiterer Vorteil liegt in der klaren Strukturierung des Innenraums. Werkzeuge, Ersatzteile und Ger\u00e4te k\u00f6nnen in ergonomisch geplanten Modulen organisiert werden, was effiziente Arbeitsabl\u00e4ufe und kurze Reaktionszeiten erm\u00f6glicht. Unternehmen profitieren zudem von der M\u00f6glichkeit, den Container jederzeit an neue Einsatzorte zu bringen und so flexibel auf Projektanforderungen oder saisonale Schwankungen zu reagieren. Auch Einsatzorganisationen wie Feuerwehr und THW sch\u00e4tzen die Mobilit\u00e4t, da mobile Werkst\u00e4tten direkt im Einsatzgebiet eingerichtet werden k\u00f6nnen.<\/p>\n\n\n\n<p><\/p>\n\n\n\n<p>Werkstattcontainer bieten somit eine hochfunktionale, sichere und skalierbare L\u00f6sung f\u00fcr jede Situation, in der professionelles Arbeiten au\u00dferhalb klassischer Geb\u00e4ude erforderlich ist.<\/p>\n\n\n\n<figure class=\"wp-block-image size-full\"><img fetchpriority=\"high\" decoding=\"async\" width=\"690\" height=\"460\" src=\"https:\/\/chs-containergroup.com\/de\/wp-content\/uploads\/sites\/2\/2024\/10\/Teaserbild-Spezialcontainer.png\" alt=\"Die Innenansicht eines vollausgestatteten Werkstattcontainers der CHS Container Group.\" class=\"wp-image-682\" srcset=\"https:\/\/chs-containergroup.com\/de\/wp-content\/uploads\/sites\/2\/2024\/10\/Teaserbild-Spezialcontainer.png 690w, https:\/\/chs-containergroup.com\/de\/wp-content\/uploads\/sites\/2\/2024\/10\/Teaserbild-Spezialcontainer-300x200.png 300w\" sizes=\"(max-width: 690px) 100vw, 690px\" \/><figcaption class=\"wp-element-caption\">Die Innenansicht eines vollausgestatteten Werkstattcontainers der CHS Container Group.<\/figcaption><\/figure>\n\n\n\n<hr class=\"wp-block-separator has-alpha-channel-opacity\" \/>\n\n\n\n<h2 class=\"wp-block-heading\" id=\"h3-vorteile\"><strong>Vorteile von Werkstattcontainern<\/strong><\/h2>\n\n\n\n<h3 class=\"wp-block-heading\">1. Hohe Mobilit\u00e4t und schnelle Einsatzbereitschaft<\/h3>\n\n\n\n<p>Werkstattcontainer k\u00f6nnen per LKW, Stapler oder Kran bewegt werden und sind sofort nutzbar. Dadurch lassen sie sich problemlos an neue Einsatzorte verlagern und bieten eine verl\u00e4ssliche L\u00f6sung f\u00fcr dynamische Projekte mit h\u00e4ufig wechselnden Anforderungen.<\/p>\n\n\n\n<p><\/p>\n\n\n\n<h3 class=\"wp-block-heading\">2. Individuelle Ausstattung<\/h3>\n\n\n\n<p>Die CHS Container Group integriert je nach Bedarf:<\/p>\n\n\n\n<ul class=\"wp-block-list\">\n<li>Werkb\u00e4nke, Regale, Schrankmodule<\/li>\n\n\n\n<li>Elektroinstallation, Beleuchtung, Starkstrom<\/li>\n\n\n\n<li>Druckluft- und Klimasysteme<\/li>\n\n\n\n<li>Isolierung, Heizung, Klimatisierung<\/li>\n\n\n\n<li>Schwerlastboden oder integrierte Hebeb\u00fchne<\/li>\n\n\n\n<li>Fenster, T\u00fcren, Rolltore<\/li>\n\n\n\n<li>Sicherheitsausstattung nach Norm<\/li>\n<\/ul>\n\n\n\n<h3 class=\"wp-block-heading\">3. Robuste, langlebige Bauweise<\/h3>\n\n\n\n<p>Stahlrahmen und hochwertige Materialien sorgen f\u00fcr maximale Widerstandsf\u00e4higkeit gegen\u00fcber Witterung und intensiver Nutzung. Selbst unter extremen Bedingungen bleibt die Funktionalit\u00e4t erhalten.<\/p>\n\n\n\n<h3 class=\"wp-block-heading\">4. Kosteneffizienz<\/h3>\n\n\n\n<p>Werkstattcontainer bieten eine wirtschaftliche Alternative zu station\u00e4ren Werkst\u00e4tten \u2013 ideal f\u00fcr wechselnde Einsatzorte und flexible Betriebsabl\u00e4ufe. <\/p>\n\n\n\n<h3 class=\"wp-block-heading\">5. Modular erweiterbar<\/h3>\n\n\n\n<p>Mehrere Container k\u00f6nnen kombiniert werden, z. B. Werkstatt + Lager + B\u00fcro. <\/p>\n\n\n\n<hr class=\"wp-block-separator has-alpha-channel-opacity\" \/>\n\n\n\n<h2 class=\"wp-block-heading\" id=\"h4-Einsatzbereiche\">Typische Einsatzbereiche<\/h2>\n\n\n\n<h3 class=\"wp-block-heading\">Werkstattcontainer f\u00fcr Bauunternehmen<\/h3>\n\n\n\n<p>Perfekt f\u00fcr Wartung, Reparaturen und Werkzeugmanagement direkt auf der Baustelle. Sie erm\u00f6glichen es, Maschinen und Werkzeuge zentral vorzuhalten und Ausfallzeiten durch schnelle Reparaturen deutlich zu reduzieren.e.<\/p>\n\n\n\n<h3 class=\"wp-block-heading\">Industrielle Service- und Reparaturteams<\/h3>\n\n\n\n<p>Mobile Arbeitsr\u00e4ume f\u00fcr Instandhaltung in Werkhallen oder auf Au\u00dfengel\u00e4nden. Die Container bieten eine kontrollierte Umgebung, ideal f\u00fcr pr\u00e4zise Montagearbeiten oder regelm\u00e4\u00dfige Wartungszyklen.<\/p>\n\n\n\n<h3 class=\"wp-block-heading\">Werkstattcontainer f\u00fcr Feuerwehr, <a href=\"https:\/\/www.thw.de\/DE\/Startseite\/startseite_node.html\" data-type=\"link\" data-id=\"https:\/\/www.thw.de\/DE\/Startseite\/startseite_node.html\" target=\"_blank\" rel=\"noopener\">THW<\/a> &amp; <a href=\"https:\/\/www.bundeswehr.de\/de\/\" data-type=\"link\" data-id=\"https:\/\/www.bundeswehr.de\/de\/\" target=\"_blank\" rel=\"noopener\">Bundeswehr<\/a><\/h3>\n\n\n\n<p>Speziall\u00f6sungen mit isolierten W\u00e4nden, verst\u00e4rkten B\u00f6den und fest installierter Technik. Sie unterst\u00fctzen Einsatzkr\u00e4fte bei mobilen Reparaturen und der schnellen Wiederherstellung einsatzkritischer Ger\u00e4te.<\/p>\n\n\n\n<h3 class=\"wp-block-heading\">Landwirtschaft &amp; Forstwirtschaft<\/h3>\n\n\n\n<p>Optimal f\u00fcr Maschinenservice und Reparaturen an Traktoren, Holzverarbeitungstechnik oder Landger\u00e4ten. Besonders hilfreich in abgelegenen Bereichen, in denen feste Werkst\u00e4tten fehlen.<\/p>\n\n\n\n<h3 class=\"wp-block-heading\">Offshore- und Hafenanlagen<\/h3>\n\n\n\n<p>Ausgelegt f\u00fcr raue Umgebungen und sichere Werkzeugaufbewahrung. Sie bieten eine robuste Infrastruktur f\u00fcr Wartungsarbeiten an Schiffen, Hafenanlagen oder Offshore-Technik.<\/p>\n\n\n\n<hr class=\"wp-block-separator has-alpha-channel-opacity\" \/>\n\n\n\n<h2 class=\"wp-block-heading\" id=\"h5-ausstattung\">Ausstattung und Optionen<\/h2>\n\n\n\n<h3 class=\"wp-block-heading\">Innenausbau<\/h3>\n\n\n\n<ul class=\"wp-block-list\">\n<li>Arbeitsfl\u00e4chen, Werkb\u00e4nke<\/li>\n\n\n\n<li>Schwerlastregale und Lochwandsysteme<\/li>\n\n\n\n<li>Schwei\u00df- oder Montagepl\u00e4tze<\/li>\n\n\n\n<li>Rutschfester Industrieboden<\/li>\n<\/ul>\n\n\n\n<h3 class=\"wp-block-heading\">Technische Installationen<\/h3>\n\n\n\n<ul class=\"wp-block-list\">\n<li>Stromanschl\u00fcsse 230\/400 V<\/li>\n\n\n\n<li>LED-Beleuchtung<\/li>\n\n\n\n<li>Heiz- und Klimasysteme<\/li>\n\n\n\n<li>Bel\u00fcftung und Absaugung<\/li>\n<\/ul>\n\n\n\n<h3 class=\"wp-block-heading\">Sonderl\u00f6sungen<\/h3>\n\n\n\n<p>Werkstattcontainer mit Hebeb\u00fchne<\/p>\n\n\n\n<ul class=\"wp-block-list\">\n<li>Isolierte Containervarianten<\/li>\n\n\n\n<li>Mobile Service-Container<\/li>\n\n\n\n<li>Gebrauchte oder general\u00fcberholte Container<\/li>\n\n\n\n<li>Individuelle Lackierungen und Branding<\/li>\n<\/ul>\n\n\n\n<figure class=\"wp-block-image size-full\"><img decoding=\"async\" width=\"815\" height=\"545\" src=\"https:\/\/chs-containergroup.com\/de\/wp-content\/uploads\/sites\/2\/2025\/08\/Spezialcontainer-Werkstatt-815x545px-1.jpg\" alt=\"\" class=\"wp-image-2697\" srcset=\"https:\/\/chs-containergroup.com\/de\/wp-content\/uploads\/sites\/2\/2025\/08\/Spezialcontainer-Werkstatt-815x545px-1.jpg 815w, https:\/\/chs-containergroup.com\/de\/wp-content\/uploads\/sites\/2\/2025\/08\/Spezialcontainer-Werkstatt-815x545px-1-300x201.jpg 300w, https:\/\/chs-containergroup.com\/de\/wp-content\/uploads\/sites\/2\/2025\/08\/Spezialcontainer-Werkstatt-815x545px-1-768x514.jpg 768w, https:\/\/chs-containergroup.com\/de\/wp-content\/uploads\/sites\/2\/2025\/08\/Spezialcontainer-Werkstatt-815x545px-1-600x401.jpg 600w\" sizes=\"(max-width: 815px) 100vw, 815px\" \/><\/figure>\n\n\n\n<hr class=\"wp-block-separator has-alpha-channel-opacity\" \/>\n\n\n\n<h2 class=\"wp-block-heading\" id=\"h5-faq\">H\u00e4ufig gestellte Fragen &#8211; FAQ<\/h2>\n\n\n\n<h3 class=\"wp-block-heading\">Was kostet ein Werkstattcontainer?<\/h3>\n\n\n\n<p>Die Kosten variieren abh\u00e4ngig von:<\/p>\n\n\n\n<ul class=\"wp-block-list\">\n<li>Containertyp und <a href=\"https:\/\/chs-containergroup.com\/de\/container-masse-uebersicht\/\" data-type=\"post\" data-id=\"5728\">Gr\u00f6\u00dfe<\/a><\/li>\n\n\n\n<li>Ausstattung und technischer Installation<\/li>\n\n\n\n<li>Zusatzoptionen wie Hebeb\u00fchnen, Rolltore oder Isolierung<\/li>\n\n\n\n<li><a href=\"https:\/\/chs-containergroup.com\/de\/container-bedingungen\/\" data-type=\"link\" data-id=\"https:\/\/chs-containergroup.com\/de\/container-bedingungen\/\">Neuwertig oder gebraucht<\/a><\/li>\n<\/ul>\n\n\n\n<p>Die CHS Container Group erstellt individuelle, projektspezifische Angebote.<\/p>\n\n\n\n<p><strong>Frage <a href=\"https:\/\/chs-containergroup.com\/de\/kontakt\/\" data-type=\"page\" data-id=\"99\">hier<\/a> dein kostenloses Angebot an. <\/strong><\/p>\n\n\n\n<p><\/p>\n\n\n\n<h3 class=\"wp-block-heading\">Kann ein Werkstattcontainer isoliert werden?<\/h3>\n\n\n\n<p>Ja. Isolierte Container eignen sich besonders f\u00fcr ganzj\u00e4hrige Nutzung.<\/p>\n\n\n\n<p><\/p>\n\n\n\n<h3 class=\"wp-block-heading\">Wie wird ein Werkstattcontainer transportiert?<\/h3>\n\n\n\n<p>Transportiert wird per LKW, Stapler oder Kran \u2013 standardkonform und unkompliziert.<\/p>\n\n\n\n<p><\/p>\n\n\n\n<h3 class=\"wp-block-heading\">Welche Gr\u00f6\u00dfen sind verf\u00fcgbar?<\/h3>\n\n\n\n<p>\u00dcbliche Gr\u00f6\u00dfen sind <a href=\"https:\/\/chs-containergroup.com\/de\/shop\/seecontainer\/10-fuss-neu-lagercontainer-kaufen\/\" data-type=\"product\" data-id=\"4798\">10<\/a>-, <a href=\"https:\/\/chs-containergroup.com\/de\/shop\/seecontainer\/20-fuss-neu-seecontainer-kaufen\/\" data-type=\"product\" data-id=\"4761\">20<\/a>&#8211; und <a href=\"https:\/\/chs-containergroup.com\/de\/shop\/seecontainer\/40-fuss-neu-seecontainer-kaufen\/\" data-type=\"product\" data-id=\"4775\">40<\/a>-Fu\u00df. Sonderma\u00dfe sind auf Anfrage m\u00f6glich.<\/p>\n\n\n\n<p><\/p>\n\n\n\n<h2 class=\"wp-block-heading\">Produkte dieser Kategorie<\/h2>\n\n\n\n<hr class=\"wp-block-separator has-alpha-channel-opacity\" \/>\n\n\n<section id=\"related-products\" class=\"related-product-cards\">\n\t<div class=\"container\">\n\t\t<div class=\"row\">\n\t\t\t<div class=\"col-12\">\n\t\t\t\t<div class=\"grid-3-col gap-row-lg\">\n                                            \t\t\t\t\t\t<article class=\"product-card__wrap\">\n\t\t\t\t\t\t\t<a class=\"product-card__media\" href=\"https:\/\/chs-containergroup.com\/de\/shop\/seecontainer\/10-fuss-neu-lagercontainer-kaufen\/\" aria-label=\"10 Fu\u00df Neu Lagercontainer\">\n                                <img loading=\"lazy\" decoding=\"async\" width=\"768\" height=\"512\" src=\"https:\/\/chs-containergroup.com\/de\/wp-content\/uploads\/sites\/2\/2025\/10\/10ft-shipping-container-blue-new-front-corner-scaled-1-768x512.webp\" class=\"product-card__img wp-post-image\" alt=\"\" loading=\"lazy\" sizes=\"auto, (min-width: 1024px) 360px, (min-width: 768px) 50vw, 100vw\" srcset=\"https:\/\/chs-containergroup.com\/de\/wp-content\/uploads\/sites\/2\/2025\/10\/10ft-shipping-container-blue-new-front-corner-scaled-1-768x512.webp 768w, https:\/\/chs-containergroup.com\/de\/wp-content\/uploads\/sites\/2\/2025\/10\/10ft-shipping-container-blue-new-front-corner-scaled-1-300x200.webp 300w, https:\/\/chs-containergroup.com\/de\/wp-content\/uploads\/sites\/2\/2025\/10\/10ft-shipping-container-blue-new-front-corner-scaled-1-1024x683.webp 1024w, https:\/\/chs-containergroup.com\/de\/wp-content\/uploads\/sites\/2\/2025\/10\/10ft-shipping-container-blue-new-front-corner-scaled-1.webp 1200w\">\t\t\t\t\t\t\t<\/a>\n\n\t\t\t\t\t\t\t<div class=\"product-card__body\">\n\t\t\t\t\t\t\t\t<header class=\"product-card__header\">\n\t\t\t\t\t\t\t\t\t<h3 class=\"product-card__title\">\n\t\t\t\t\t\t\t\t\t\t<a class=\"product-card__title-link\" href=\"https:\/\/chs-containergroup.com\/de\/shop\/seecontainer\/10-fuss-neu-lagercontainer-kaufen\/\">\n                                            10 Fu\u00df Neu Lagercontainer\t\t\t\t\t\t\t\t\t\t<\/a>\n\t\t\t\t\t\t\t\t\t<\/h3>\n\t\t\t\t\t\t\t\t\t<div class=\"product-card__price\">\n\t\t\t\t\t\t\t\t\t\t<div class=\"product-card__price-wc\">\n                                            <span class=\"woocommerce-Price-amount amount\"><bdi><span class=\"woocommerce-Price-currencySymbol\">&euro;<\/span>3.500,00<\/bdi><\/span>\t\t\t\t\t\t\t\t\t\t<\/div>\n\t\t\t\t\t\t\t\t\t<\/div>\n\t\t\t\t\t\t\t\t<\/header>\n\n\t\t\t\t\t\t\t\t<div class=\"product-card__meta\">\n                                    \t\t\t\t\t\t\t\t\t\t<span class=\"product-card__condition\">\n                                            Neu                                        <\/span>\n                                    \t\t\t\t\t\t\t\t<\/div>\n\n\t\t\t\t\t\t\t\t<div class=\"product-card__actions\">\n\t\t\t\t\t\t\t\t\t<a href=\"https:\/\/chs-containergroup.com\/de\/shop\/seecontainer\/10-fuss-neu-lagercontainer-kaufen\/\" class=\"product-card__btn product-card__btn--primary product-card__buy\">\n                                        Produkt ansehen\t\t\t\t\t\t\t\t\t<\/a>\n\t\t\t\t\t\t\t\t<\/div>\n\t\t\t\t\t\t\t<\/div>\n\t\t\t\t\t\t<\/article>\n                                            \t\t\t\t\t\t<article class=\"product-card__wrap\">\n\t\t\t\t\t\t\t<a class=\"product-card__media\" href=\"https:\/\/chs-containergroup.com\/de\/shop\/seecontainer\/40-fuss-gebraucht-seecontainer-kaufen\/\" aria-label=\"40 Fu\u00df Gebraucht Seecontainer\">\n                                <img loading=\"lazy\" decoding=\"async\" width=\"768\" height=\"512\" src=\"https:\/\/chs-containergroup.com\/de\/wp-content\/uploads\/sites\/2\/2025\/10\/40ft-shipping-container-dry-van-blue-used-corner-right-front-scaled-1-768x512.jpg\" class=\"product-card__img wp-post-image\" alt=\"\" loading=\"lazy\" sizes=\"auto, (min-width: 1024px) 360px, (min-width: 768px) 50vw, 100vw\" srcset=\"https:\/\/chs-containergroup.com\/de\/wp-content\/uploads\/sites\/2\/2025\/10\/40ft-shipping-container-dry-van-blue-used-corner-right-front-scaled-1-768x512.jpg 768w, https:\/\/chs-containergroup.com\/de\/wp-content\/uploads\/sites\/2\/2025\/10\/40ft-shipping-container-dry-van-blue-used-corner-right-front-scaled-1-300x200.jpg 300w, https:\/\/chs-containergroup.com\/de\/wp-content\/uploads\/sites\/2\/2025\/10\/40ft-shipping-container-dry-van-blue-used-corner-right-front-scaled-1-1024x683.jpg 1024w, https:\/\/chs-containergroup.com\/de\/wp-content\/uploads\/sites\/2\/2025\/10\/40ft-shipping-container-dry-van-blue-used-corner-right-front-scaled-1-1536x1024.jpg 1536w, https:\/\/chs-containergroup.com\/de\/wp-content\/uploads\/sites\/2\/2025\/10\/40ft-shipping-container-dry-van-blue-used-corner-right-front-scaled-1-2048x1366.jpg 2048w, https:\/\/chs-containergroup.com\/de\/wp-content\/uploads\/sites\/2\/2025\/10\/40ft-shipping-container-dry-van-blue-used-corner-right-front-scaled-1-1200x800.jpg 1200w\">\t\t\t\t\t\t\t<\/a>\n\n\t\t\t\t\t\t\t<div class=\"product-card__body\">\n\t\t\t\t\t\t\t\t<header class=\"product-card__header\">\n\t\t\t\t\t\t\t\t\t<h3 class=\"product-card__title\">\n\t\t\t\t\t\t\t\t\t\t<a class=\"product-card__title-link\" href=\"https:\/\/chs-containergroup.com\/de\/shop\/seecontainer\/40-fuss-gebraucht-seecontainer-kaufen\/\">\n                                            40 Fu\u00df Gebraucht Seecontainer\t\t\t\t\t\t\t\t\t\t<\/a>\n\t\t\t\t\t\t\t\t\t<\/h3>\n\t\t\t\t\t\t\t\t\t<div class=\"product-card__price\">\n\t\t\t\t\t\t\t\t\t\t<div class=\"product-card__price-wc\">\n                                            <span class=\"woocommerce-Price-amount amount\"><bdi><span class=\"woocommerce-Price-currencySymbol\">&euro;<\/span>1.325,00<\/bdi><\/span>\t\t\t\t\t\t\t\t\t\t<\/div>\n\t\t\t\t\t\t\t\t\t<\/div>\n\t\t\t\t\t\t\t\t<\/header>\n\n\t\t\t\t\t\t\t\t<div class=\"product-card__meta\">\n                                    \t\t\t\t\t\t\t\t\t\t<span class=\"product-card__condition\">\n                                            Gebraucht                                        <\/span>\n                                    \t\t\t\t\t\t\t\t<\/div>\n\n\t\t\t\t\t\t\t\t<div class=\"product-card__actions\">\n\t\t\t\t\t\t\t\t\t<a href=\"https:\/\/chs-containergroup.com\/de\/shop\/seecontainer\/40-fuss-gebraucht-seecontainer-kaufen\/\" class=\"product-card__btn product-card__btn--primary product-card__buy\">\n                                        Produkt ansehen\t\t\t\t\t\t\t\t\t<\/a>\n\t\t\t\t\t\t\t\t<\/div>\n\t\t\t\t\t\t\t<\/div>\n\t\t\t\t\t\t<\/article>\n                                            \t\t\t\t\t\t<article class=\"product-card__wrap\">\n\t\t\t\t\t\t\t<a class=\"product-card__media\" href=\"https:\/\/chs-containergroup.com\/de\/shop\/seecontainer\/20-fuss-gebraucht-seecontainer-kaufen\/\" aria-label=\"20 Fu\u00df Gebraucht Seecontainer\">\n                                <img loading=\"lazy\" decoding=\"async\" width=\"768\" height=\"512\" src=\"https:\/\/chs-containergroup.com\/de\/wp-content\/uploads\/sites\/2\/2025\/10\/20ft-shipping-container-used-blue-corner-right-front-scaled-1-768x512.jpg\" class=\"product-card__img wp-post-image\" alt=\"\" loading=\"lazy\" sizes=\"auto, (min-width: 1024px) 360px, (min-width: 768px) 50vw, 100vw\" srcset=\"https:\/\/chs-containergroup.com\/de\/wp-content\/uploads\/sites\/2\/2025\/10\/20ft-shipping-container-used-blue-corner-right-front-scaled-1-768x512.jpg 768w, https:\/\/chs-containergroup.com\/de\/wp-content\/uploads\/sites\/2\/2025\/10\/20ft-shipping-container-used-blue-corner-right-front-scaled-1-300x200.jpg 300w, https:\/\/chs-containergroup.com\/de\/wp-content\/uploads\/sites\/2\/2025\/10\/20ft-shipping-container-used-blue-corner-right-front-scaled-1-1024x683.jpg 1024w, https:\/\/chs-containergroup.com\/de\/wp-content\/uploads\/sites\/2\/2025\/10\/20ft-shipping-container-used-blue-corner-right-front-scaled-1-1536x1024.jpg 1536w, https:\/\/chs-containergroup.com\/de\/wp-content\/uploads\/sites\/2\/2025\/10\/20ft-shipping-container-used-blue-corner-right-front-scaled-1-2048x1366.jpg 2048w, https:\/\/chs-containergroup.com\/de\/wp-content\/uploads\/sites\/2\/2025\/10\/20ft-shipping-container-used-blue-corner-right-front-scaled-1-1200x800.jpg 1200w\">\t\t\t\t\t\t\t<\/a>\n\n\t\t\t\t\t\t\t<div class=\"product-card__body\">\n\t\t\t\t\t\t\t\t<header class=\"product-card__header\">\n\t\t\t\t\t\t\t\t\t<h3 class=\"product-card__title\">\n\t\t\t\t\t\t\t\t\t\t<a class=\"product-card__title-link\" href=\"https:\/\/chs-containergroup.com\/de\/shop\/seecontainer\/20-fuss-gebraucht-seecontainer-kaufen\/\">\n                                            20 Fu\u00df Gebraucht Seecontainer\t\t\t\t\t\t\t\t\t\t<\/a>\n\t\t\t\t\t\t\t\t\t<\/h3>\n\t\t\t\t\t\t\t\t\t<div class=\"product-card__price\">\n\t\t\t\t\t\t\t\t\t\t<div class=\"product-card__price-wc\">\n                                            <span class=\"woocommerce-Price-amount amount\"><bdi><span class=\"woocommerce-Price-currencySymbol\">&euro;<\/span>1.250,00<\/bdi><\/span>\t\t\t\t\t\t\t\t\t\t<\/div>\n\t\t\t\t\t\t\t\t\t<\/div>\n\t\t\t\t\t\t\t\t<\/header>\n\n\t\t\t\t\t\t\t\t<div class=\"product-card__meta\">\n                                    \t\t\t\t\t\t\t\t\t\t<span class=\"product-card__condition\">\n                                            Gebraucht                                        <\/span>\n                                    \t\t\t\t\t\t\t\t<\/div>\n\n\t\t\t\t\t\t\t\t<div class=\"product-card__actions\">\n\t\t\t\t\t\t\t\t\t<a href=\"https:\/\/chs-containergroup.com\/de\/shop\/seecontainer\/20-fuss-gebraucht-seecontainer-kaufen\/\" class=\"product-card__btn product-card__btn--primary product-card__buy\">\n                                        Produkt ansehen\t\t\t\t\t\t\t\t\t<\/a>\n\t\t\t\t\t\t\t\t<\/div>\n\t\t\t\t\t\t\t<\/div>\n\t\t\t\t\t\t<\/article>\n                                            \t\t\t\t\t\t<article class=\"product-card__wrap\">\n\t\t\t\t\t\t\t<a class=\"product-card__media\" href=\"https:\/\/chs-containergroup.com\/de\/shop\/mobilbauten\/20-fuss-neu-buerocontainer-kaufen\/\" aria-label=\"20 Fu\u00df Neu B\u00fcrocontainer\">\n                                <img loading=\"lazy\" decoding=\"async\" width=\"768\" height=\"512\" src=\"https:\/\/chs-containergroup.com\/de\/wp-content\/uploads\/sites\/2\/2025\/10\/20ft-shipping-container-office-white-new-corner-right-front-scaled-1-768x512.webp\" class=\"product-card__img wp-post-image\" alt=\"\" loading=\"lazy\" sizes=\"auto, (min-width: 1024px) 360px, (min-width: 768px) 50vw, 100vw\" srcset=\"https:\/\/chs-containergroup.com\/de\/wp-content\/uploads\/sites\/2\/2025\/10\/20ft-shipping-container-office-white-new-corner-right-front-scaled-1-768x512.webp 768w, https:\/\/chs-containergroup.com\/de\/wp-content\/uploads\/sites\/2\/2025\/10\/20ft-shipping-container-office-white-new-corner-right-front-scaled-1-300x200.webp 300w, https:\/\/chs-containergroup.com\/de\/wp-content\/uploads\/sites\/2\/2025\/10\/20ft-shipping-container-office-white-new-corner-right-front-scaled-1-1024x683.webp 1024w, https:\/\/chs-containergroup.com\/de\/wp-content\/uploads\/sites\/2\/2025\/10\/20ft-shipping-container-office-white-new-corner-right-front-scaled-1.webp 1200w\">\t\t\t\t\t\t\t<\/a>\n\n\t\t\t\t\t\t\t<div class=\"product-card__body\">\n\t\t\t\t\t\t\t\t<header class=\"product-card__header\">\n\t\t\t\t\t\t\t\t\t<h3 class=\"product-card__title\">\n\t\t\t\t\t\t\t\t\t\t<a class=\"product-card__title-link\" href=\"https:\/\/chs-containergroup.com\/de\/shop\/mobilbauten\/20-fuss-neu-buerocontainer-kaufen\/\">\n                                            20 Fu\u00df Neu B\u00fcrocontainer\t\t\t\t\t\t\t\t\t\t<\/a>\n\t\t\t\t\t\t\t\t\t<\/h3>\n\t\t\t\t\t\t\t\t\t<div class=\"product-card__price\">\n\t\t\t\t\t\t\t\t\t\t<div class=\"product-card__price-wc\">\n                                            \t\t\t\t\t\t\t\t\t\t<\/div>\n\t\t\t\t\t\t\t\t\t<\/div>\n\t\t\t\t\t\t\t\t<\/header>\n\n\t\t\t\t\t\t\t\t<div class=\"product-card__meta\">\n                                    \t\t\t\t\t\t\t\t\t\t<span class=\"product-card__condition\">\n                                            Neu                                        <\/span>\n                                    \t\t\t\t\t\t\t\t<\/div>\n\n\t\t\t\t\t\t\t\t<div class=\"product-card__actions\">\n\t\t\t\t\t\t\t\t\t<a href=\"https:\/\/chs-containergroup.com\/de\/shop\/mobilbauten\/20-fuss-neu-buerocontainer-kaufen\/\" class=\"product-card__btn product-card__btn--primary product-card__buy\">\n                                        Produkt ansehen\t\t\t\t\t\t\t\t\t<\/a>\n\t\t\t\t\t\t\t\t<\/div>\n\t\t\t\t\t\t\t<\/div>\n\t\t\t\t\t\t<\/article>\n                                            \t\t\t\t\t\t<article class=\"product-card__wrap\">\n\t\t\t\t\t\t\t<a class=\"product-card__media\" href=\"https:\/\/chs-containergroup.com\/de\/shop\/mobilbauten\/20-fuss-gebraucht-buerocontainer-kaufen\/\" aria-label=\"20 Fu\u00df Gebraucht B\u00fcrocontainer\">\n                                <img loading=\"lazy\" decoding=\"async\" width=\"768\" height=\"512\" src=\"https:\/\/chs-containergroup.com\/de\/wp-content\/uploads\/sites\/2\/2025\/10\/20ft-shipping-container-office-white-blue-used-corner-right-front-scaled-1-768x512.webp\" class=\"product-card__img wp-post-image\" alt=\"\" loading=\"lazy\" sizes=\"auto, (min-width: 1024px) 360px, (min-width: 768px) 50vw, 100vw\" srcset=\"https:\/\/chs-containergroup.com\/de\/wp-content\/uploads\/sites\/2\/2025\/10\/20ft-shipping-container-office-white-blue-used-corner-right-front-scaled-1-768x512.webp 768w, https:\/\/chs-containergroup.com\/de\/wp-content\/uploads\/sites\/2\/2025\/10\/20ft-shipping-container-office-white-blue-used-corner-right-front-scaled-1-300x200.webp 300w, https:\/\/chs-containergroup.com\/de\/wp-content\/uploads\/sites\/2\/2025\/10\/20ft-shipping-container-office-white-blue-used-corner-right-front-scaled-1-1024x683.webp 1024w, https:\/\/chs-containergroup.com\/de\/wp-content\/uploads\/sites\/2\/2025\/10\/20ft-shipping-container-office-white-blue-used-corner-right-front-scaled-1.webp 1200w\">\t\t\t\t\t\t\t<\/a>\n\n\t\t\t\t\t\t\t<div class=\"product-card__body\">\n\t\t\t\t\t\t\t\t<header class=\"product-card__header\">\n\t\t\t\t\t\t\t\t\t<h3 class=\"product-card__title\">\n\t\t\t\t\t\t\t\t\t\t<a class=\"product-card__title-link\" href=\"https:\/\/chs-containergroup.com\/de\/shop\/mobilbauten\/20-fuss-gebraucht-buerocontainer-kaufen\/\">\n                                            20 Fu\u00df Gebraucht B\u00fcrocontainer\t\t\t\t\t\t\t\t\t\t<\/a>\n\t\t\t\t\t\t\t\t\t<\/h3>\n\t\t\t\t\t\t\t\t\t<div class=\"product-card__price\">\n\t\t\t\t\t\t\t\t\t\t<div class=\"product-card__price-wc\">\n                                            \t\t\t\t\t\t\t\t\t\t<\/div>\n\t\t\t\t\t\t\t\t\t<\/div>\n\t\t\t\t\t\t\t\t<\/header>\n\n\t\t\t\t\t\t\t\t<div class=\"product-card__meta\">\n                                    \t\t\t\t\t\t\t\t\t\t<span class=\"product-card__condition\">\n                                            Gebraucht                                        <\/span>\n                                    \t\t\t\t\t\t\t\t<\/div>\n\n\t\t\t\t\t\t\t\t<div class=\"product-card__actions\">\n\t\t\t\t\t\t\t\t\t<a href=\"https:\/\/chs-containergroup.com\/de\/shop\/mobilbauten\/20-fuss-gebraucht-buerocontainer-kaufen\/\" class=\"product-card__btn product-card__btn--primary product-card__buy\">\n                                        Produkt ansehen\t\t\t\t\t\t\t\t\t<\/a>\n\t\t\t\t\t\t\t\t<\/div>\n\t\t\t\t\t\t\t<\/div>\n\t\t\t\t\t\t<\/article>\n                    \t\t\t\t<\/div>\n\t\t\t<\/div>\n\t\t<\/div>\n\t<\/div>\n<\/section>\n\n\n\n<p><\/p>\n\n\n\n<p><em>Hinweis: Dieser Beitrag wurde unter Einsatz KI-gest\u00fctzter Systeme erstellt und vor Ver\u00f6ffentlichung redaktionell gepr\u00fcft.<\/em><\/p>\n","protected":false},"excerpt":{"rendered":"<p>Was ist ein Werkstattcontainer? Ein Werkstattcontainer ist ein modifizierter See&#8211; oder Spezialcontainer, der mit Werkzeugmodulen, Maschinen, Arbeitsfl\u00e4chen, Strom- und Lichtsystemen sowie Sicherheitsausstattung ausgestattet wird. Er dient als vollwertiger Werkstattraum, der mobil, transportf\u00e4hig und modular einsetzbar ist.Typische Einsatzbereiche umfassen Industrieanlagen, Baustellen, Service-Teams, THW\/Feuerwehr, Landwirtschaft und weitere mobile Anwendungen. Durch seine robuste Stahlkonstruktion h\u00e4lt ein Werkstattcontainer selbst [&hellip;]<\/p>\n","protected":false},"author":2,"featured_media":3199,"comment_status":"open","ping_status":"open","sticky":false,"template":"","format":"standard","meta":{"_acf_changed":false,"inline_featured_image":false,"_angie_page":false,"page_builder":"","footnotes":""},"categories":[279],"tags":[272,278,277,276],"class_list":["post-6137","post","type-post","status-publish","format-standard","has-post-thumbnail","hentry","category-wissen","tag-container","tag-spezialcontainer","tag-werkstatt","tag-werkstattcontainer"],"acf":[],"_links":{"self":[{"href":"https:\/\/chs-containergroup.com\/de\/wp-json\/wp\/v2\/posts\/6137","targetHints":{"allow":["GET"]}}],"collection":[{"href":"https:\/\/chs-containergroup.com\/de\/wp-json\/wp\/v2\/posts"}],"about":[{"href":"https:\/\/chs-containergroup.com\/de\/wp-json\/wp\/v2\/types\/post"}],"author":[{"embeddable":true,"href":"https:\/\/chs-containergroup.com\/de\/wp-json\/wp\/v2\/users\/2"}],"replies":[{"embeddable":true,"href":"https:\/\/chs-containergroup.com\/de\/wp-json\/wp\/v2\/comments?post=6137"}],"version-history":[{"count":0,"href":"https:\/\/chs-containergroup.com\/de\/wp-json\/wp\/v2\/posts\/6137\/revisions"}],"wp:featuredmedia":[{"embeddable":true,"href":"https:\/\/chs-containergroup.com\/de\/wp-json\/wp\/v2\/media\/3199"}],"wp:attachment":[{"href":"https:\/\/chs-containergroup.com\/de\/wp-json\/wp\/v2\/media?parent=6137"}],"wp:term":[{"taxonomy":"category","embeddable":true,"href":"https:\/\/chs-containergroup.com\/de\/wp-json\/wp\/v2\/categories?post=6137"},{"taxonomy":"post_tag","embeddable":true,"href":"https:\/\/chs-containergroup.com\/de\/wp-json\/wp\/v2\/tags?post=6137"}],"curies":[{"name":"wp","href":"https:\/\/api.w.org\/{rel}","templated":true}]}}